{"id":3332,"date":"2025-03-25T10:05:24","date_gmt":"2025-03-25T09:05:24","guid":{"rendered":"https:\/\/www.max-suess.de\/?p=3332"},"modified":"2025-04-09T10:14:18","modified_gmt":"2025-04-09T08:14:18","slug":"mitarbeitervorstellung-3","status":"publish","type":"post","link":"https:\/\/www.max-suess.de\/en\/mitarbeitervorstellung-3\/","title":{"rendered":"Mitarbeitervorstellung"},"content":{"rendered":"\n\n\n<p>Hier kommt\u2019s auf Ordnung an: Michael Hentschel arbeitet seit 2010 bei uns im Lager als Fachkraft f\u00fcr Lagerlogistik und sorgt f\u00fcr reibungslose Abl\u00e4ufe im Versand. \ud83d\udc4d<br \/><br \/>Er ist unter anderem zust\u00e4ndig f\u00fcr den innerbetrieblichen Transportverkehr,\u00a0bringt die Rohware zu den Maschinen und holt die fertigen Produkte wieder ab. Au\u00dferdem muss er die Waren wiegen, verpacken und einlagern. Doch auch das Be- und Entladen von Lkws geh\u00f6rt zu seinem Aufgabenbereich. \ud83d\ude9b<br \/><br \/>Besonders begeistert ihn die Vielf\u00e4ltigkeit seines Jobs: \u201eIch sch\u00e4tze, dass ich meinen eigenen Verantwortungsbereich habe und meinen Arbeitsrhythmus selbst einteilen kann. Die Arbeitszeiten passen super zu meinem Familienleben, sodass ich gen\u00fcgend Zeit mit meiner Familie verbringen kann.&#8221;, erz\u00e4hlt der 40-j\u00e4hrige. \ud83d\udc68\u200d\ud83d\udc69\u200d\ud83d\udc67\u200d\ud83d\udc66<br \/><br \/>In seiner Freizeit l\u00e4uft er gern mal eine Runde um die Talsperre in Cranzahl oder ist mit seinen Kids unterwegs. \ud83c\udfc3\ud83c\udffb\ud83c\udf33<\/p>\n\n\n\n<p><a href=\"https:\/\/www.max-suess.de\/mitarbeitervorstellung-3\/micha\/\" rel=\"attachment wp-att-3334\"><img fetchpriority=\"high\" decoding=\"async\" class=\"alignnone size-large wp-image-3334\" src=\"https:\/\/www.max-suess.de\/wp-content\/uploads\/2025\/04\/Micha-1024x1024.jpeg\" alt=\"\" width=\"783\" height=\"783\" srcset=\"https:\/\/www.max-suess.de\/wp-content\/uploads\/2025\/04\/Micha-1024x1024.jpeg 1024w, https:\/\/www.max-suess.de\/wp-content\/uploads\/2025\/04\/Micha-300x300.jpeg 300w, https:\/\/www.max-suess.de\/wp-content\/uploads\/2025\/04\/Micha-150x150.jpeg 150w, https:\/\/www.max-suess.de\/wp-content\/uploads\/2025\/04\/Micha-768x768.jpeg 768w, https:\/\/www.max-suess.de\/wp-content\/uploads\/2025\/04\/Micha.jpeg 1536w\" sizes=\"(max-width: 783px) 100vw, 783px\" \/><\/a><\/p>\n\n\n\n<p><a href=\"https:\/\/www.max-suess.de\/mitarbeitervorstellung-3\/michi\/\" rel=\"attachment wp-att-3335\"><img decoding=\"async\" class=\"alignnone size-large wp-image-3335\" src=\"https:\/\/www.max-suess.de\/wp-content\/uploads\/2025\/04\/michi-1024x1024.jpeg\" alt=\"\" width=\"783\" height=\"783\" srcset=\"https:\/\/www.max-suess.de\/wp-content\/uploads\/2025\/04\/michi-1024x1024.jpeg 1024w, https:\/\/www.max-suess.de\/wp-content\/uploads\/2025\/04\/michi-300x300.jpeg 300w, https:\/\/www.max-suess.de\/wp-content\/uploads\/2025\/04\/michi-150x150.jpeg 150w, https:\/\/www.max-suess.de\/wp-content\/uploads\/2025\/04\/michi-768x768.jpeg 768w, https:\/\/www.max-suess.de\/wp-content\/uploads\/2025\/04\/michi.jpeg 1536w\" sizes=\"(max-width: 783px) 100vw, 783px\" \/><\/a><\/p>\n<p><a href=\"https:\/\/www.max-suess.de\/mitarbeitervorstellung-3\/mich\/\" rel=\"attachment wp-att-3333\"><img decoding=\"async\" class=\"alignnone size-large wp-image-3333\" src=\"https:\/\/www.max-suess.de\/wp-content\/uploads\/2025\/04\/Mich-1024x1024.jpeg\" alt=\"\" width=\"783\" height=\"783\" srcset=\"https:\/\/www.max-suess.de\/wp-content\/uploads\/2025\/04\/Mich-1024x1024.jpeg 1024w, https:\/\/www.max-suess.de\/wp-content\/uploads\/2025\/04\/Mich-300x300.jpeg 300w, https:\/\/www.max-suess.de\/wp-content\/uploads\/2025\/04\/Mich-150x150.jpeg 150w, https:\/\/www.max-suess.de\/wp-content\/uploads\/2025\/04\/Mich-768x768.jpeg 768w, https:\/\/www.max-suess.de\/wp-content\/uploads\/2025\/04\/Mich.jpeg 1536w\" sizes=\"(max-width: 783px) 100vw, 783px\" \/><\/a><\/p>\n\n\n","protected":false},"excerpt":{"rendered":"<p>Hier kommt\u2019s auf Ordnung an: Michael Hentschel arbeitet seit 2010 bei uns im Lager als Fachkraft f\u00fcr Lagerlogistik und sorgt f\u00fcr reibungslose Abl\u00e4ufe im Versand.<\/p>\n","protected":false},"author":3,"featured_media":3336,"comment_status":"closed","ping_status":"open","sticky":false,"template":"","format":"standard","meta":{"footnotes":""},"categories":[7],"tags":[],"class_list":["post-3332","post","type-post","status-publish","format-standard","has-post-thumbnail","hentry","category-aktuelle-news"],"aioseo_notices":[],"_links":{"self":[{"href":"https:\/\/www.max-suess.de\/en\/wp-json\/wp\/v2\/posts\/3332"}],"collection":[{"href":"https:\/\/www.max-suess.de\/en\/wp-json\/wp\/v2\/posts"}],"about":[{"href":"https:\/\/www.max-suess.de\/en\/wp-json\/wp\/v2\/types\/post"}],"author":[{"embeddable":true,"href":"https:\/\/www.max-suess.de\/en\/wp-json\/wp\/v2\/users\/3"}],"replies":[{"embeddable":true,"href":"https:\/\/www.max-suess.de\/en\/wp-json\/wp\/v2\/comments?post=3332"}],"version-history":[{"count":2,"href":"https:\/\/www.max-suess.de\/en\/wp-json\/wp\/v2\/posts\/3332\/revisions"}],"predecessor-version":[{"id":3339,"href":"https:\/\/www.max-suess.de\/en\/wp-json\/wp\/v2\/posts\/3332\/revisions\/3339"}],"wp:featuredmedia":[{"embeddable":true,"href":"https:\/\/www.max-suess.de\/en\/wp-json\/wp\/v2\/media\/3336"}],"wp:attachment":[{"href":"https:\/\/www.max-suess.de\/en\/wp-json\/wp\/v2\/media?parent=3332"}],"wp:term":[{"taxonomy":"category","embeddable":true,"href":"https:\/\/www.max-suess.de\/en\/wp-json\/wp\/v2\/categories?post=3332"},{"taxonomy":"post_tag","embeddable":true,"href":"https:\/\/www.max-suess.de\/en\/wp-json\/wp\/v2\/tags?post=3332"}],"curies":[{"name":"wp","href":"https:\/\/api.w.org\/{rel}","templated":true}]}}