{"id":87,"date":"2017-11-22T09:32:48","date_gmt":"2017-11-22T08:32:48","guid":{"rendered":"http:\/\/demo.themegrill.com\/himalayas-pro\/?p=87"},"modified":"2018-07-12T22:05:28","modified_gmt":"2018-07-12T20:05:28","slug":"news-2-2","status":"publish","type":"post","link":"https:\/\/www.max-suess.de\/de\/news-2-2\/","title":{"rendered":"Pressemitteilung von Hoftex zum Verkauf des Produktionsstandorts Cranzahl"},"content":{"rendered":"<p>Hof\/Sehmatal-Cranzahl, 22.11.2017<\/p>\n<p>Hoftex Group ver\u00e4u\u00dfert Spezialzwirnerei Hoftex Max S\u00fc\u00df GmbH an bisherige Handelsvertretung<\/p>\n<p>\u00dcbernahme aller 30 Mitarbeiter der Hoftex Max S\u00fc\u00df GmbH<br \/>\nLangfristige Fortf\u00fchrung des Betriebs der Hoftex Max S\u00fc\u00df GmbH gesichert<br \/>\nBetriebs\u00fcbergang erfolgt zum 1. Januar 2018<br \/>\nDie zur Hoftex Group AG geh\u00f6rende Hoftex GmbH hat heute eine Vereinbarung zur Ver\u00e4u\u00dferung der Hoftex Max S\u00fc\u00df GmbH getroffen. Erwerber ist die eigens zu diesem Zweck gegr\u00fcndete Max S\u00fc\u00df GmbH &amp; Co. KG mit Sitz in Cranzahl, hinter der die bisherige Handelsvertretung der Hoftex Max S\u00fc\u00df GmbH, die Schmitz Industrievertretungen ohG, steht. Durch diesen Schritt wird sich die Hoftex GmbH k\u00fcnftig noch st\u00e4rker auf die Herstellung von Roh- und Farbgarnen konzentrieren und ihre erfolgreiche Wachstumsstrategie weiter engagiert verfolgen.<\/p>\n<p>Im Rahmen des Verkaufs der auf Kabelf\u00fcllgarne, technische Zwirne und Papiergarne spezialisierten Hoftex Max S\u00fc\u00df GmbH, die zuletzt ein j\u00e4hrliches Umsatzvolumen von rund 3 Millionen Euro auswies, werden alle rund 30 Mitarbeiter im Wege eines Betriebs\u00fcbergangs \u00fcbernommen. Der Betriebs\u00fcber-gang erfolgt zum 1. Januar 2018 und sichert so gr\u00f6\u00dftm\u00f6gliche Kontinuit\u00e4t f\u00fcr Kunden, Mitarbeiter und Gesch\u00e4ftspartner. Das Unternehmen wird den Betrieb k\u00fcnftig unter der Marke &#8222;Max S\u00fcss&#8220; fortsetzen.<\/p>\n<p>Thomas Goller, Gesch\u00e4ftsf\u00fchrer der Hoftex GmbH, sagte anl\u00e4sslich der Bekanntgabe der jetzt getroffenen Vereinbarung: \u201eMit der hinter der Schmitz Industrievertretungen stehenden Familie, Herbert und Christopher Schmitz, haben wir zwei engagierte Unternehmer gefunden, die die Kunden und Produkte der Hoftex Max S\u00fc\u00df GmbH so gut kennen wie keine weitere Partei. Sie werden die Max S\u00fcss GmbH &amp; Co.KG k\u00fcnftig als Gesch\u00e4ftsf\u00fchrer leiten. Als Kernaktivit\u00e4t im Unternehmensportfolio der Familie Schmitz bieten sich somit die bestm\u00f6glichen Potenziale f\u00fcr Kunden und Mitarbeiter. Wir w\u00fcnschen den Mitarbeitern der k\u00fcnftigen Max S\u00fc\u00df GmbH &amp; Co.KG weiterhin alles Gute.\u201c<\/p>","protected":false},"excerpt":{"rendered":"<p>Hof\/Sehmatal-Cranzahl, 22.11.2017 Hoftex Group ver\u00e4u\u00dfert Spezialzwirnerei Hoftex Max S\u00fc\u00df GmbH an bisherige Handelsvertretung \u00dcbernahme aller 30 Mitarbeiter der Hoftex Max S\u00fc\u00df GmbH Langfristige Fortf\u00fchrung des<\/p>\n","protected":false},"author":3,"featured_media":2512,"comment_status":"closed","ping_status":"closed","sticky":false,"template":"","format":"standard","meta":{"footnotes":""},"categories":[7],"tags":[],"class_list":["post-87","post","type-post","status-publish","format-standard","has-post-thumbnail","hentry","category-aktuelle-news"],"aioseo_notices":[],"_links":{"self":[{"href":"https:\/\/www.max-suess.de\/de\/wp-json\/wp\/v2\/posts\/87"}],"collection":[{"href":"https:\/\/www.max-suess.de\/de\/wp-json\/wp\/v2\/posts"}],"about":[{"href":"https:\/\/www.max-suess.de\/de\/wp-json\/wp\/v2\/types\/post"}],"author":[{"embeddable":true,"href":"https:\/\/www.max-suess.de\/de\/wp-json\/wp\/v2\/users\/3"}],"replies":[{"embeddable":true,"href":"https:\/\/www.max-suess.de\/de\/wp-json\/wp\/v2\/comments?post=87"}],"version-history":[{"count":3,"href":"https:\/\/www.max-suess.de\/de\/wp-json\/wp\/v2\/posts\/87\/revisions"}],"predecessor-version":[{"id":2510,"href":"https:\/\/www.max-suess.de\/de\/wp-json\/wp\/v2\/posts\/87\/revisions\/2510"}],"wp:featuredmedia":[{"embeddable":true,"href":"https:\/\/www.max-suess.de\/de\/wp-json\/wp\/v2\/media\/2512"}],"wp:attachment":[{"href":"https:\/\/www.max-suess.de\/de\/wp-json\/wp\/v2\/media?parent=87"}],"wp:term":[{"taxonomy":"category","embeddable":true,"href":"https:\/\/www.max-suess.de\/de\/wp-json\/wp\/v2\/categories?post=87"},{"taxonomy":"post_tag","embeddable":true,"href":"https:\/\/www.max-suess.de\/de\/wp-json\/wp\/v2\/tags?post=87"}],"curies":[{"name":"wp","href":"https:\/\/api.w.org\/{rel}","templated":true}]}}